{"id":1082539,"date":"2025-12-06T17:28:04","date_gmt":"2025-12-06T16:28:04","guid":{"rendered":"https:\/\/www.stefatelier.com\/blog\/?p=1082539"},"modified":"2025-12-06T17:34:06","modified_gmt":"2025-12-06T16:34:06","slug":"vitrail-aux-nenuphars-bleus","status":"publish","type":"post","link":"https:\/\/www.stefatelier.com\/blog\/vitrail-aux-nenuphars-bleus\/","title":{"rendered":"Vitrail aux n\u00e9nuphars bleus"},"content":{"rendered":"\t\t<div data-elementor-type=\"wp-post\" data-elementor-id=\"1082539\" class=\"elementor elementor-1082539\" data-elementor-post-type=\"post\">\n\t\t\t\t<div class=\"elementor-element elementor-element-2cabefbf e-con-full e-flex e-con e-parent\" data-id=\"2cabefbf\" data-element_type=\"container\" data-e-type=\"container\" data-settings=\"{&quot;background_background&quot;:&quot;gradient&quot;}\">\n\t\t<div class=\"elementor-element elementor-element-1831b131 e-con-full e-flex e-con e-child\" data-id=\"1831b131\" data-element_type=\"container\" data-e-type=\"container\" data-settings=\"{&quot;background_background&quot;:&quot;gradient&quot;}\">\n\t\t\t\t<div class=\"elementor-element elementor-element-2358cf3b elementor-view-framed elementor-widget-mobile__width-initial elementor-shape-circle elementor-widget elementor-widget-icon\" data-id=\"2358cf3b\" data-element_type=\"widget\" data-e-type=\"widget\" data-widget_type=\"icon.default\">\n\t\t\t\t<div class=\"elementor-widget-container\">\n\t\t\t\t\t\t\t<div class=\"elementor-icon-wrapper\">\n\t\t\t<div class=\"elementor-icon\">\n\t\t\t<svg aria-hidden=\"true\" class=\"e-font-icon-svg e-far-newspaper\" viewBox=\"0 0 576 512\" xmlns=\"http:\/\/www.w3.org\/2000\/svg\"><path d=\"M552 64H112c-20.858 0-38.643 13.377-45.248 32H24c-13.255 0-24 10.745-24 24v272c0 30.928 25.072 56 56 56h496c13.255 0 24-10.745 24-24V88c0-13.255-10.745-24-24-24zM48 392V144h16v248c0 4.411-3.589 8-8 8s-8-3.589-8-8zm480 8H111.422c.374-2.614.578-5.283.578-8V112h416v288zM172 280h136c6.627 0 12-5.373 12-12v-96c0-6.627-5.373-12-12-12H172c-6.627 0-12 5.373-12 12v96c0 6.627 5.373 12 12 12zm28-80h80v40h-80v-40zm-40 140v-24c0-6.627 5.373-12 12-12h136c6.627 0 12 5.373 12 12v24c0 6.627-5.373 12-12 12H172c-6.627 0-12-5.373-12-12zm192 0v-24c0-6.627 5.373-12 12-12h104c6.627 0 12 5.373 12 12v24c0 6.627-5.373 12-12 12H364c-6.627 0-12-5.373-12-12zm0-144v-24c0-6.627 5.373-12 12-12h104c6.627 0 12 5.373 12 12v24c0 6.627-5.373 12-12 12H364c-6.627 0-12-5.373-12-12zm0 72v-24c0-6.627 5.373-12 12-12h104c6.627 0 12 5.373 12 12v24c0 6.627-5.373 12-12 12H364c-6.627 0-12-5.373-12-12z\"><\/path><\/svg>\t\t\t<\/div>\n\t\t<\/div>\n\t\t\t\t\t\t<\/div>\n\t\t\t\t<\/div>\n\t\t\t\t<\/div>\n\t\t<div class=\"elementor-element elementor-element-6bfdd83d e-con-full e-flex e-con e-child\" data-id=\"6bfdd83d\" data-element_type=\"container\" data-e-type=\"container\">\n\t\t\t\t<div class=\"elementor-element elementor-element-1df64c84 elementor-widget-mobile__width-initial elementor-widget elementor-widget-heading\" data-id=\"1df64c84\" data-element_type=\"widget\" data-e-type=\"widget\" data-widget_type=\"heading.default\">\n\t\t\t\t<div class=\"elementor-widget-container\">\n\t\t\t\t\t<h2 class=\"elementor-heading-title elementor-size-default\">Blog<\/h2>\t\t\t\t<\/div>\n\t\t\t\t<\/div>\n\t\t\t\t<\/div>\n\t\t<div class=\"elementor-element elementor-element-25646279 e-con-full e-flex e-con e-child\" data-id=\"25646279\" data-element_type=\"container\" data-e-type=\"container\">\n\t\t\t\t<div class=\"elementor-element elementor-element-21b61946 elementor-widget elementor-widget-post-info\" data-id=\"21b61946\" data-element_type=\"widget\" data-e-type=\"widget\" data-widget_type=\"post-info.default\">\n\t\t\t\t<div class=\"elementor-widget-container\">\n\t\t\t\t\t\t\t<ul class=\"elementor-icon-list-items elementor-post-info\">\n\t\t\t\t\t\t\t\t<li class=\"elementor-icon-list-item elementor-repeater-item-18b9b34\" itemprop=\"about\">\n\t\t\t\t\t\t\t\t\t\t<span class=\"elementor-icon-list-icon\">\n\t\t\t\t\t\t\t\t<svg aria-hidden=\"true\" class=\"e-font-icon-svg e-fas-tags\" viewBox=\"0 0 640 512\" xmlns=\"http:\/\/www.w3.org\/2000\/svg\"><path d=\"M497.941 225.941L286.059 14.059A48 48 0 0 0 252.118 0H48C21.49 0 0 21.49 0 48v204.118a48 48 0 0 0 14.059 33.941l211.882 211.882c18.744 18.745 49.136 18.746 67.882 0l204.118-204.118c18.745-18.745 18.745-49.137 0-67.882zM112 160c-26.51 0-48-21.49-48-48s21.49-48 48-48 48 21.49 48 48-21.49 48-48 48zm513.941 133.823L421.823 497.941c-18.745 18.745-49.137 18.745-67.882 0l-.36-.36L527.64 323.522c16.999-16.999 26.36-39.6 26.36-63.64s-9.362-46.641-26.36-63.64L331.397 0h48.721a48 48 0 0 1 33.941 14.059l211.882 211.882c18.745 18.745 18.745 49.137 0 67.882z\"><\/path><\/svg>\t\t\t\t\t\t\t<\/span>\n\t\t\t\t\t\t\t\t\t<span class=\"elementor-icon-list-text elementor-post-info__item elementor-post-info__item--type-terms\">\n\t\t\t\t\t\t\t\t\t\t<span class=\"elementor-post-info__terms-list\">\n\t\t\t\t<a href=\"https:\/\/www.stefatelier.com\/blog\/category\/creation-vitrail\/\" class=\"elementor-post-info__terms-list-item\">Cr\u00e9ation Vitrail<\/a>\t\t\t\t<\/span>\n\t\t\t\t\t<\/span>\n\t\t\t\t\t\t\t\t<\/li>\n\t\t\t\t<li class=\"elementor-icon-list-item elementor-repeater-item-6d7a539\" itemprop=\"datePublished\">\n\t\t\t\t\t\t<a href=\"https:\/\/www.stefatelier.com\/blog\/2025\/12\/06\/\">\n\t\t\t\t\t\t\t\t\t\t\t<span class=\"elementor-icon-list-icon\">\n\t\t\t\t\t\t\t\t<svg aria-hidden=\"true\" class=\"e-font-icon-svg e-fas-calendar\" viewBox=\"0 0 448 512\" xmlns=\"http:\/\/www.w3.org\/2000\/svg\"><path d=\"M12 192h424c6.6 0 12 5.4 12 12v260c0 26.5-21.5 48-48 48H48c-26.5 0-48-21.5-48-48V204c0-6.6 5.4-12 12-12zm436-44v-36c0-26.5-21.5-48-48-48h-48V12c0-6.6-5.4-12-12-12h-40c-6.6 0-12 5.4-12 12v52H160V12c0-6.6-5.4-12-12-12h-40c-6.6 0-12 5.4-12 12v52H48C21.5 64 0 85.5 0 112v36c0 6.6 5.4 12 12 12h424c6.6 0 12-5.4 12-12z\"><\/path><\/svg>\t\t\t\t\t\t\t<\/span>\n\t\t\t\t\t\t\t\t\t<span class=\"elementor-icon-list-text elementor-post-info__item elementor-post-info__item--type-date\">\n\t\t\t\t\t\t\t\t\t\t<time>06\/12\/2025<\/time>\t\t\t\t\t<\/span>\n\t\t\t\t\t\t\t\t\t<\/a>\n\t\t\t\t<\/li>\n\t\t\t\t<\/ul>\n\t\t\t\t\t\t<\/div>\n\t\t\t\t<\/div>\n\t\t\t\t<\/div>\n\t\t\t\t<\/div>\n\t\t<div class=\"elementor-element elementor-element-a7a0e8d e-con-full e-flex e-con e-parent\" data-id=\"a7a0e8d\" data-element_type=\"container\" data-e-type=\"container\">\n\t\t\t\t<div class=\"elementor-element elementor-element-1348039 elementor-widget elementor-widget-image\" data-id=\"1348039\" data-element_type=\"widget\" data-e-type=\"widget\" data-widget_type=\"image.default\">\n\t\t\t\t<div class=\"elementor-widget-container\">\n\t\t\t\t\t\t\t\t\t\t\t\t\t\t\t<img fetchpriority=\"high\" decoding=\"async\" width=\"740\" height=\"490\" src=\"https:\/\/www.stefatelier.com\/blog\/wp-content\/uploads\/2025\/12\/vitrail-nenuphars-1024x678.jpg\" class=\"attachment-large size-large wp-image-1082538\" alt=\"\" srcset=\"https:\/\/www.stefatelier.com\/blog\/wp-content\/uploads\/2025\/12\/vitrail-nenuphars-1024x678.jpg 1024w, https:\/\/www.stefatelier.com\/blog\/wp-content\/uploads\/2025\/12\/vitrail-nenuphars-300x199.jpg 300w, https:\/\/www.stefatelier.com\/blog\/wp-content\/uploads\/2025\/12\/vitrail-nenuphars-768x508.jpg 768w, https:\/\/www.stefatelier.com\/blog\/wp-content\/uploads\/2025\/12\/vitrail-nenuphars-1536x1017.jpg 1536w, https:\/\/www.stefatelier.com\/blog\/wp-content\/uploads\/2025\/12\/vitrail-nenuphars.jpg 2000w\" sizes=\"100vw\" \/>\t\t\t\t\t\t\t\t\t\t\t\t\t\t\t<\/div>\n\t\t\t\t<\/div>\n\t\t\t\t<\/div>\n\t\t<div class=\"elementor-element elementor-element-f5d2ca9 e-con-full e-flex e-con e-parent\" data-id=\"f5d2ca9\" data-element_type=\"container\" data-e-type=\"container\" data-settings=\"{&quot;background_background&quot;:&quot;classic&quot;,&quot;background_motion_fx_motion_fx_scrolling&quot;:&quot;yes&quot;,&quot;background_motion_fx_translateY_effect&quot;:&quot;yes&quot;,&quot;background_motion_fx_translateY_speed&quot;:{&quot;unit&quot;:&quot;px&quot;,&quot;size&quot;:1.1999999999999999555910790149937383830547332763671875,&quot;sizes&quot;:[]},&quot;background_motion_fx_translateY_affectedRange&quot;:{&quot;unit&quot;:&quot;%&quot;,&quot;size&quot;:&quot;&quot;,&quot;sizes&quot;:{&quot;start&quot;:0,&quot;end&quot;:100}},&quot;background_motion_fx_devices&quot;:[&quot;desktop&quot;,&quot;tablet&quot;,&quot;mobile&quot;]}\">\n\t\t\t\t<div class=\"elementor-element elementor-element-67512af animated-slow elementor-invisible elementor-widget elementor-widget-image\" data-id=\"67512af\" data-element_type=\"widget\" data-e-type=\"widget\" data-settings=\"{&quot;_animation&quot;:&quot;fadeIn&quot;}\" data-widget_type=\"image.default\">\n\t\t\t\t<div class=\"elementor-widget-container\">\n\t\t\t\t\t\t\t\t\t\t\t\t\t\t\t<img decoding=\"async\" width=\"740\" height=\"1123\" src=\"https:\/\/www.stefatelier.com\/blog\/wp-content\/uploads\/2025\/12\/porte-vitrail-interieure-768x1166.jpg\" class=\"attachment-medium_large size-medium_large wp-image-1082531\" alt=\"\" srcset=\"https:\/\/www.stefatelier.com\/blog\/wp-content\/uploads\/2025\/12\/porte-vitrail-interieure-768x1166.jpg 768w, https:\/\/www.stefatelier.com\/blog\/wp-content\/uploads\/2025\/12\/porte-vitrail-interieure-198x300.jpg 198w, https:\/\/www.stefatelier.com\/blog\/wp-content\/uploads\/2025\/12\/porte-vitrail-interieure-674x1024.jpg 674w, https:\/\/www.stefatelier.com\/blog\/wp-content\/uploads\/2025\/12\/porte-vitrail-interieure-1011x1536.jpg 1011w, https:\/\/www.stefatelier.com\/blog\/wp-content\/uploads\/2025\/12\/porte-vitrail-interieure.jpg 1317w\" sizes=\"100vw\" \/>\t\t\t\t\t\t\t\t\t\t\t\t\t\t\t<\/div>\n\t\t\t\t<\/div>\n\t\t\t\t<div class=\"elementor-element elementor-element-38fcde0 elementor-widget elementor-widget-gallery\" data-id=\"38fcde0\" data-element_type=\"widget\" data-e-type=\"widget\" data-settings=\"{&quot;gallery_layout&quot;:&quot;masonry&quot;,&quot;columns_tablet&quot;:3,&quot;columns_mobile&quot;:2,&quot;image_hover_animation&quot;:&quot;grow&quot;,&quot;lazyload&quot;:&quot;yes&quot;,&quot;columns&quot;:4,&quot;gap&quot;:{&quot;unit&quot;:&quot;px&quot;,&quot;size&quot;:10,&quot;sizes&quot;:[]},&quot;gap_tablet&quot;:{&quot;unit&quot;:&quot;px&quot;,&quot;size&quot;:10,&quot;sizes&quot;:[]},&quot;gap_mobile&quot;:{&quot;unit&quot;:&quot;px&quot;,&quot;size&quot;:10,&quot;sizes&quot;:[]},&quot;link_to&quot;:&quot;file&quot;,&quot;overlay_background&quot;:&quot;yes&quot;,&quot;content_hover_animation&quot;:&quot;fade-in&quot;}\" data-widget_type=\"gallery.default\">\n\t\t\t\t<div class=\"elementor-widget-container\">\n\t\t\t\t\t\t\t<div class=\"elementor-gallery__container\">\n\t\t\t\t\t\t\t<a class=\"e-gallery-item elementor-gallery-item elementor-animated-content\" href=\"https:\/\/www.stefatelier.com\/blog\/wp-content\/uploads\/2025\/12\/vitrail-nenuphar-bleus.jpg\" data-elementor-open-lightbox=\"yes\" data-elementor-lightbox-slideshow=\"38fcde0\" data-elementor-lightbox-title=\"vitrail nenuphar bleus\" data-e-action-hash=\"#elementor-action%3Aaction%3Dlightbox%26settings%3DeyJpZCI6MTA4MjUzNSwidXJsIjoiaHR0cHM6XC9cL3d3dy5zdGVmYXRlbGllci5jb21cL2Jsb2dcL3dwLWNvbnRlbnRcL3VwbG9hZHNcLzIwMjVcLzEyXC92aXRyYWlsLW5lbnVwaGFyLWJsZXVzLmpwZyIsInNsaWRlc2hvdyI6IjM4ZmNkZTAifQ%3D%3D\">\n\t\t\t\t\t<div class=\"e-gallery-image elementor-gallery-item__image\" data-thumbnail=\"https:\/\/www.stefatelier.com\/blog\/wp-content\/uploads\/2025\/12\/vitrail-nenuphar-bleus-768x508.jpg\" data-width=\"740\" data-height=\"489\" aria-label=\"\" role=\"img\" ><\/div>\n\t\t\t\t\t\t\t\t\t\t\t<div class=\"elementor-gallery-item__overlay\"><\/div>\n\t\t\t\t\t\t\t\t\t\t\t\t\t\t<\/a>\n\t\t\t\t\t\t\t<a class=\"e-gallery-item elementor-gallery-item elementor-animated-content\" href=\"https:\/\/www.stefatelier.com\/blog\/wp-content\/uploads\/2025\/12\/maquette-vitrail.jpg\" data-elementor-open-lightbox=\"yes\" data-elementor-lightbox-slideshow=\"38fcde0\" data-elementor-lightbox-title=\"maquette-vitrail\" data-e-action-hash=\"#elementor-action%3Aaction%3Dlightbox%26settings%3DeyJpZCI6MTA4MjUyOSwidXJsIjoiaHR0cHM6XC9cL3d3dy5zdGVmYXRlbGllci5jb21cL2Jsb2dcL3dwLWNvbnRlbnRcL3VwbG9hZHNcLzIwMjVcLzEyXC9tYXF1ZXR0ZS12aXRyYWlsLmpwZyIsInNsaWRlc2hvdyI6IjM4ZmNkZTAifQ%3D%3D\">\n\t\t\t\t\t<div class=\"e-gallery-image elementor-gallery-item__image\" data-thumbnail=\"https:\/\/www.stefatelier.com\/blog\/wp-content\/uploads\/2025\/12\/maquette-vitrail-768x507.jpg\" data-width=\"740\" data-height=\"489\" aria-label=\"\" role=\"img\" ><\/div>\n\t\t\t\t\t\t\t\t\t\t\t<div class=\"elementor-gallery-item__overlay\"><\/div>\n\t\t\t\t\t\t\t\t\t\t\t\t\t\t<\/a>\n\t\t\t\t\t\t\t<a class=\"e-gallery-item elementor-gallery-item elementor-animated-content\" href=\"https:\/\/www.stefatelier.com\/blog\/wp-content\/uploads\/2025\/12\/vitrail-nenuphars.jpg\" data-elementor-open-lightbox=\"yes\" data-elementor-lightbox-slideshow=\"38fcde0\" data-elementor-lightbox-title=\"vitrail-nenuphars\" data-e-action-hash=\"#elementor-action%3Aaction%3Dlightbox%26settings%3DeyJpZCI6MTA4MjUzOCwidXJsIjoiaHR0cHM6XC9cL3d3dy5zdGVmYXRlbGllci5jb21cL2Jsb2dcL3dwLWNvbnRlbnRcL3VwbG9hZHNcLzIwMjVcLzEyXC92aXRyYWlsLW5lbnVwaGFycy5qcGciLCJzbGlkZXNob3ciOiIzOGZjZGUwIn0%3D\">\n\t\t\t\t\t<div class=\"e-gallery-image elementor-gallery-item__image\" data-thumbnail=\"https:\/\/www.stefatelier.com\/blog\/wp-content\/uploads\/2025\/12\/vitrail-nenuphars-768x508.jpg\" data-width=\"740\" data-height=\"489\" aria-label=\"\" role=\"img\" ><\/div>\n\t\t\t\t\t\t\t\t\t\t\t<div class=\"elementor-gallery-item__overlay\"><\/div>\n\t\t\t\t\t\t\t\t\t\t\t\t\t\t<\/a>\n\t\t\t\t\t\t\t<a class=\"e-gallery-item elementor-gallery-item elementor-animated-content\" href=\"https:\/\/www.stefatelier.com\/blog\/wp-content\/uploads\/2025\/12\/porte-vitrail-interieure.jpg\" data-elementor-open-lightbox=\"yes\" data-elementor-lightbox-slideshow=\"38fcde0\" data-elementor-lightbox-title=\"porte vitrail inte\u0301rieure\" data-e-action-hash=\"#elementor-action%3Aaction%3Dlightbox%26settings%3DeyJpZCI6MTA4MjUzMSwidXJsIjoiaHR0cHM6XC9cL3d3dy5zdGVmYXRlbGllci5jb21cL2Jsb2dcL3dwLWNvbnRlbnRcL3VwbG9hZHNcLzIwMjVcLzEyXC9wb3J0ZS12aXRyYWlsLWludGVyaWV1cmUuanBnIiwic2xpZGVzaG93IjoiMzhmY2RlMCJ9\">\n\t\t\t\t\t<div class=\"e-gallery-image elementor-gallery-item__image\" data-thumbnail=\"https:\/\/www.stefatelier.com\/blog\/wp-content\/uploads\/2025\/12\/porte-vitrail-interieure-768x1166.jpg\" data-width=\"740\" data-height=\"1123\" aria-label=\"\" role=\"img\" ><\/div>\n\t\t\t\t\t\t\t\t\t\t\t<div class=\"elementor-gallery-item__overlay\"><\/div>\n\t\t\t\t\t\t\t\t\t\t\t\t\t\t<\/a>\n\t\t\t\t\t\t\t<a class=\"e-gallery-item elementor-gallery-item elementor-animated-content\" href=\"https:\/\/www.stefatelier.com\/blog\/wp-content\/uploads\/2025\/12\/vitrail-nenuphar-bleus-gros-plan.jpg\" data-elementor-open-lightbox=\"yes\" data-elementor-lightbox-slideshow=\"38fcde0\" data-elementor-lightbox-title=\"vitrail nenuphar bleus gros plan\" data-e-action-hash=\"#elementor-action%3Aaction%3Dlightbox%26settings%3DeyJpZCI6MTA4MjUzNCwidXJsIjoiaHR0cHM6XC9cL3d3dy5zdGVmYXRlbGllci5jb21cL2Jsb2dcL3dwLWNvbnRlbnRcL3VwbG9hZHNcLzIwMjVcLzEyXC92aXRyYWlsLW5lbnVwaGFyLWJsZXVzLWdyb3MtcGxhbi5qcGciLCJzbGlkZXNob3ciOiIzOGZjZGUwIn0%3D\">\n\t\t\t\t\t<div class=\"e-gallery-image elementor-gallery-item__image\" data-thumbnail=\"https:\/\/www.stefatelier.com\/blog\/wp-content\/uploads\/2025\/12\/vitrail-nenuphar-bleus-gros-plan-768x508.jpg\" data-width=\"740\" data-height=\"489\" aria-label=\"\" role=\"img\" ><\/div>\n\t\t\t\t\t\t\t\t\t\t\t<div class=\"elementor-gallery-item__overlay\"><\/div>\n\t\t\t\t\t\t\t\t\t\t\t\t\t\t<\/a>\n\t\t\t\t\t\t\t<a class=\"e-gallery-item elementor-gallery-item elementor-animated-content\" href=\"https:\/\/www.stefatelier.com\/blog\/wp-content\/uploads\/2025\/12\/vitrail-porte-ext.jpg\" data-elementor-open-lightbox=\"yes\" data-elementor-lightbox-slideshow=\"38fcde0\" data-elementor-lightbox-title=\"vitrail porte ext\" data-e-action-hash=\"#elementor-action%3Aaction%3Dlightbox%26settings%3DeyJpZCI6MTA4MjUzNiwidXJsIjoiaHR0cHM6XC9cL3d3dy5zdGVmYXRlbGllci5jb21cL2Jsb2dcL3dwLWNvbnRlbnRcL3VwbG9hZHNcLzIwMjVcLzEyXC92aXRyYWlsLXBvcnRlLWV4dC5qcGciLCJzbGlkZXNob3ciOiIzOGZjZGUwIn0%3D\">\n\t\t\t\t\t<div class=\"e-gallery-image elementor-gallery-item__image\" data-thumbnail=\"https:\/\/www.stefatelier.com\/blog\/wp-content\/uploads\/2025\/12\/vitrail-porte-ext-768x1166.jpg\" data-width=\"740\" data-height=\"1123\" aria-label=\"\" role=\"img\" ><\/div>\n\t\t\t\t\t\t\t\t\t\t\t<div class=\"elementor-gallery-item__overlay\"><\/div>\n\t\t\t\t\t\t\t\t\t\t\t\t\t\t<\/a>\n\t\t\t\t\t\t\t<a class=\"e-gallery-item elementor-gallery-item elementor-animated-content\" href=\"https:\/\/www.stefatelier.com\/blog\/wp-content\/uploads\/2025\/12\/Document.jpg\" data-elementor-open-lightbox=\"yes\" data-elementor-lightbox-slideshow=\"38fcde0\" data-elementor-lightbox-title=\"Document\" data-e-action-hash=\"#elementor-action%3Aaction%3Dlightbox%26settings%3DeyJpZCI6MTA4MjUyOCwidXJsIjoiaHR0cHM6XC9cL3d3dy5zdGVmYXRlbGllci5jb21cL2Jsb2dcL3dwLWNvbnRlbnRcL3VwbG9hZHNcLzIwMjVcLzEyXC9Eb2N1bWVudC5qcGciLCJzbGlkZXNob3ciOiIzOGZjZGUwIn0%3D\">\n\t\t\t\t\t<div class=\"e-gallery-image elementor-gallery-item__image\" data-thumbnail=\"https:\/\/www.stefatelier.com\/blog\/wp-content\/uploads\/2025\/12\/Document-768x508.jpg\" data-width=\"740\" data-height=\"489\" aria-label=\"\" role=\"img\" ><\/div>\n\t\t\t\t\t\t\t\t\t\t\t<div class=\"elementor-gallery-item__overlay\"><\/div>\n\t\t\t\t\t\t\t\t\t\t\t\t\t\t<\/a>\n\t\t\t\t\t\t\t<a class=\"e-gallery-item elementor-gallery-item elementor-animated-content\" href=\"https:\/\/www.stefatelier.com\/blog\/wp-content\/uploads\/2025\/12\/vitrail-grubert.jpg\" data-elementor-open-lightbox=\"yes\" data-elementor-lightbox-slideshow=\"38fcde0\" data-elementor-lightbox-title=\"vitrail grubert\" data-e-action-hash=\"#elementor-action%3Aaction%3Dlightbox%26settings%3DeyJpZCI6MTA4MjUzMywidXJsIjoiaHR0cHM6XC9cL3d3dy5zdGVmYXRlbGllci5jb21cL2Jsb2dcL3dwLWNvbnRlbnRcL3VwbG9hZHNcLzIwMjVcLzEyXC92aXRyYWlsLWdydWJlcnQuanBnIiwic2xpZGVzaG93IjoiMzhmY2RlMCJ9\">\n\t\t\t\t\t<div class=\"e-gallery-image elementor-gallery-item__image\" data-thumbnail=\"https:\/\/www.stefatelier.com\/blog\/wp-content\/uploads\/2025\/12\/vitrail-grubert-768x508.jpg\" data-width=\"740\" data-height=\"489\" aria-label=\"\" role=\"img\" ><\/div>\n\t\t\t\t\t\t\t\t\t\t\t<div class=\"elementor-gallery-item__overlay\"><\/div>\n\t\t\t\t\t\t\t\t\t\t\t\t\t\t<\/a>\n\t\t\t\t\t\t\t<a class=\"e-gallery-item elementor-gallery-item elementor-animated-content\" href=\"https:\/\/www.stefatelier.com\/blog\/wp-content\/uploads\/2025\/12\/vitrail-grubert-nenuphar.jpg\" data-elementor-open-lightbox=\"yes\" data-elementor-lightbox-slideshow=\"38fcde0\" data-elementor-lightbox-title=\"vitrail grubert nenuphar\" data-e-action-hash=\"#elementor-action%3Aaction%3Dlightbox%26settings%3DeyJpZCI6MTA4MjUzMiwidXJsIjoiaHR0cHM6XC9cL3d3dy5zdGVmYXRlbGllci5jb21cL2Jsb2dcL3dwLWNvbnRlbnRcL3VwbG9hZHNcLzIwMjVcLzEyXC92aXRyYWlsLWdydWJlcnQtbmVudXBoYXIuanBnIiwic2xpZGVzaG93IjoiMzhmY2RlMCJ9\">\n\t\t\t\t\t<div class=\"e-gallery-image elementor-gallery-item__image\" data-thumbnail=\"https:\/\/www.stefatelier.com\/blog\/wp-content\/uploads\/2025\/12\/vitrail-grubert-nenuphar-768x508.jpg\" data-width=\"740\" data-height=\"489\" aria-label=\"\" role=\"img\" ><\/div>\n\t\t\t\t\t\t\t\t\t\t\t<div class=\"elementor-gallery-item__overlay\"><\/div>\n\t\t\t\t\t\t\t\t\t\t\t\t\t\t<\/a>\n\t\t\t\t\t\t\t<a class=\"e-gallery-item elementor-gallery-item elementor-animated-content\" href=\"https:\/\/www.stefatelier.com\/blog\/wp-content\/uploads\/2025\/12\/vitrail-porte-vue-exterieur.jpg\" data-elementor-open-lightbox=\"yes\" data-elementor-lightbox-slideshow=\"38fcde0\" data-elementor-lightbox-title=\"vitrail porte vue exterieur\" data-e-action-hash=\"#elementor-action%3Aaction%3Dlightbox%26settings%3DeyJpZCI6MTA4MjUzNywidXJsIjoiaHR0cHM6XC9cL3d3dy5zdGVmYXRlbGllci5jb21cL2Jsb2dcL3dwLWNvbnRlbnRcL3VwbG9hZHNcLzIwMjVcLzEyXC92aXRyYWlsLXBvcnRlLXZ1ZS1leHRlcmlldXIuanBnIiwic2xpZGVzaG93IjoiMzhmY2RlMCJ9\">\n\t\t\t\t\t<div class=\"e-gallery-image elementor-gallery-item__image\" data-thumbnail=\"https:\/\/www.stefatelier.com\/blog\/wp-content\/uploads\/2025\/12\/vitrail-porte-vue-exterieur.jpg\" data-width=\"665\" data-height=\"1010\" aria-label=\"\" role=\"img\" ><\/div>\n\t\t\t\t\t\t\t\t\t\t\t<div class=\"elementor-gallery-item__overlay\"><\/div>\n\t\t\t\t\t\t\t\t\t\t\t\t\t\t<\/a>\n\t\t\t\t\t<\/div>\n\t\t\t\t\t<\/div>\n\t\t\t\t<\/div>\n\t\t\t\t<div class=\"elementor-element elementor-element-090a650 animated-slow elementor-invisible elementor-widget elementor-widget-image\" data-id=\"090a650\" data-element_type=\"widget\" data-e-type=\"widget\" data-settings=\"{&quot;_animation&quot;:&quot;zoomIn&quot;}\" data-widget_type=\"image.default\">\n\t\t\t\t<div class=\"elementor-widget-container\">\n\t\t\t\t\t\t\t\t\t\t\t\t\t\t\t<img decoding=\"async\" width=\"740\" height=\"490\" src=\"https:\/\/www.stefatelier.com\/blog\/wp-content\/uploads\/2025\/12\/vitrail-grubert-1024x678.jpg\" class=\"attachment-large size-large wp-image-1082533\" alt=\"\" srcset=\"https:\/\/www.stefatelier.com\/blog\/wp-content\/uploads\/2025\/12\/vitrail-grubert-1024x678.jpg 1024w, https:\/\/www.stefatelier.com\/blog\/wp-content\/uploads\/2025\/12\/vitrail-grubert-300x199.jpg 300w, https:\/\/www.stefatelier.com\/blog\/wp-content\/uploads\/2025\/12\/vitrail-grubert-768x508.jpg 768w, https:\/\/www.stefatelier.com\/blog\/wp-content\/uploads\/2025\/12\/vitrail-grubert-1536x1017.jpg 1536w, https:\/\/www.stefatelier.com\/blog\/wp-content\/uploads\/2025\/12\/vitrail-grubert.jpg 2000w\" sizes=\"100vw\" \/>\t\t\t\t\t\t\t\t\t\t\t\t\t\t\t<\/div>\n\t\t\t\t<\/div>\n\t\t\t\t<div class=\"elementor-element elementor-element-3d6893b elementor-widget elementor-widget-text-editor\" data-id=\"3d6893b\" data-element_type=\"widget\" data-e-type=\"widget\" data-widget_type=\"text-editor.default\">\n\t\t\t\t<div class=\"elementor-widget-container\">\n\t\t\t\t\t\t\t\t\t<p><strong>Vitrail traditionnel au plomb.<\/strong><\/p><p>Motif inspir\u00e9 des cr\u00e9ations de Grubert, ma\u00eetre verrier de l\u2019\u00c9cole de Nancy.<br \/>Ce vitrail est install\u00e9 dans l\u2019imposte d\u2019une porte situ\u00e9e en ville de Nancy.<\/p><p>Les feuillages sont peints \u00e0 la grisaille puis cuits au four.<br \/>Les fleurs, ainsi que certains feuillages, sont grav\u00e9s sur des <a href=\"https:\/\/stefatelier.com\/boutique-vitrail\/fr\/223-verre-soufl%C3%A9-plaqu%C3%A9\">verres plaqu\u00e9s souffl\u00e9s \u00e0 la bouche.<\/a><\/p>\t\t\t\t\t\t\t\t<\/div>\n\t\t\t\t<\/div>\n\t\t\t\t<\/div>\n\t\t\t\t<\/div>\n\t\t","protected":false},"excerpt":{"rendered":"<p>Blog Vitrail traditionnel au plomb. Motif inspir\u00e9 des cr\u00e9ations de Grubert, ma\u00eetre verrier de l\u2019\u00c9cole de Nancy.Ce vitrail est install\u00e9 dans l\u2019imposte d\u2019une porte situ\u00e9e en ville de Nancy. Les feuillages sont peints \u00e0 la grisaille puis cuits au four.Les fleurs, ainsi que certains feuillages, sont grav\u00e9s sur des verres plaqu\u00e9s souffl\u00e9s \u00e0 la bouche.<\/p>\n","protected":false},"author":2,"featured_media":1082538,"comment_status":"closed","ping_status":"closed","sticky":false,"template":"elementor_header_footer","format":"standard","meta":{"footnotes":""},"categories":[5],"tags":[],"class_list":["post-1082539","post","type-post","status-publish","format-standard","has-post-thumbnail","hentry","category-creation-vitrail"],"_links":{"self":[{"href":"https:\/\/www.stefatelier.com\/blog\/wp-json\/wp\/v2\/posts\/1082539","targetHints":{"allow":["GET"]}}],"collection":[{"href":"https:\/\/www.stefatelier.com\/blog\/wp-json\/wp\/v2\/posts"}],"about":[{"href":"https:\/\/www.stefatelier.com\/blog\/wp-json\/wp\/v2\/types\/post"}],"author":[{"embeddable":true,"href":"https:\/\/www.stefatelier.com\/blog\/wp-json\/wp\/v2\/users\/2"}],"replies":[{"embeddable":true,"href":"https:\/\/www.stefatelier.com\/blog\/wp-json\/wp\/v2\/comments?post=1082539"}],"version-history":[{"count":13,"href":"https:\/\/www.stefatelier.com\/blog\/wp-json\/wp\/v2\/posts\/1082539\/revisions"}],"predecessor-version":[{"id":1082553,"href":"https:\/\/www.stefatelier.com\/blog\/wp-json\/wp\/v2\/posts\/1082539\/revisions\/1082553"}],"wp:featuredmedia":[{"embeddable":true,"href":"https:\/\/www.stefatelier.com\/blog\/wp-json\/wp\/v2\/media\/1082538"}],"wp:attachment":[{"href":"https:\/\/www.stefatelier.com\/blog\/wp-json\/wp\/v2\/media?parent=1082539"}],"wp:term":[{"taxonomy":"category","embeddable":true,"href":"https:\/\/www.stefatelier.com\/blog\/wp-json\/wp\/v2\/categories?post=1082539"},{"taxonomy":"post_tag","embeddable":true,"href":"https:\/\/www.stefatelier.com\/blog\/wp-json\/wp\/v2\/tags?post=1082539"}],"curies":[{"name":"wp","href":"https:\/\/api.w.org\/{rel}","templated":true}]}}